{"id":1927,"date":"2022-03-15T08:34:56","date_gmt":"2022-03-15T08:34:56","guid":{"rendered":"https:\/\/fapodivel.pt\/?p=1927"},"modified":"2022-03-15T08:34:58","modified_gmt":"2022-03-15T08:34:58","slug":"como-salvar-a-paz-em-tempos-de-guerra-17-marco-2130h","status":"publish","type":"post","link":"https:\/\/fapodivel.pt\/?p=1927","title":{"rendered":"Como Salvar a Paz em tempos de Guerra &#8211; 17 Mar\u00e7o 21:30h"},"content":{"rendered":"\n<p>Pais e educadores s\u00e3o colocados perante novos desafios: como explicar \u00e0s nossas crian\u00e7as os tempos que vivemos, mantendo a sua estabilidade emocional? O que devemos mostrar? Como devemos proceder? Como explicar a guerra \u00e0s crian\u00e7as e aos jovens?\u2026 como acolher e incluir quem chega?\u2026<\/p>\n\n\n\n<p>Salvar a Paz torna-se um imperativo em tempos de Guerra, mas como fazer? S\u00e3o quest\u00f5es que hoje se colocam aos pais, fam\u00edlias, educadores e a toda a comunidade e para as quais todos procuram respostas.<\/p>\n\n\n\n<p>Este \u00e9 o tema de mais um <em>webinar <\/em>do ciclo &#8220;Mais Fam\u00edlia, Novos Desafios&#8221; que tem o apoio da CONFAP <br>Para nos ajudar a refletir nesta reflex\u00e3o fundamental, teremos a Dr.\u00aa Marisol Anselmo, pediatra, com forma\u00e7\u00e3o em Homeopatia e Parentalidade Consciente.<br>Contaremos tamb\u00e9m com a participa\u00e7\u00e3o da Dr.\u00aa In\u00eas Gon\u00e7alves, educadora de Inf\u00e2ncia e terapeuta, professora de Medita\u00e7\u00e3o e facilitadora de aprendizagem ao ar livre.<\/p>\n\n\n\n<p>\u00c9 necess\u00e1rio fazer a inscri\u00e7\u00e3o, atrav\u00e9s do link <a href=\"https:\/\/docs.google.com\/forms\/d\/e\/1FAIpQLScNVWdDEMcrN5efZWs1hr8I2-_Z8u20YDbTFtjcNg1vXuKhpQ\/viewform\" target=\"_blank\" rel=\"noreferrer noopener\">&#8220;Mais Fam\u00edlia Novos Desafios&#8221;<\/a><\/p>\n\n\n\n<figure class=\"wp-block-image size-full\"><a href=\"https:\/\/fapodivel.pt\/wp-content\/uploads\/2022\/03\/Como-salvar-a-paz-em-tempos-de-guerraSmall.png\"><img fetchpriority=\"high\" decoding=\"async\" width=\"511\" height=\"512\" src=\"https:\/\/fapodivel.pt\/wp-content\/uploads\/2022\/03\/Como-salvar-a-paz-em-tempos-de-guerraSmall.png\" alt=\"\" class=\"wp-image-1928\" srcset=\"https:\/\/fapodivel.pt\/wp-content\/uploads\/2022\/03\/Como-salvar-a-paz-em-tempos-de-guerraSmall.png 511w, https:\/\/fapodivel.pt\/wp-content\/uploads\/2022\/03\/Como-salvar-a-paz-em-tempos-de-guerraSmall-300x300.png 300w, https:\/\/fapodivel.pt\/wp-content\/uploads\/2022\/03\/Como-salvar-a-paz-em-tempos-de-guerraSmall-150x150.png 150w\" sizes=\"(max-width: 511px) 100vw, 511px\" \/><\/a><\/figure>\n\n\n\n<p><\/p>\n\n\n\n<p><\/p>\n","protected":false},"excerpt":{"rendered":"<p>Pais e educadores s\u00e3o colocados perante novos desafios: como explicar \u00e0s nossas crian\u00e7as os tempos que vivemos, mantendo a sua estabilidade emocional? O que devemos mostrar? Como devemos proceder? Como explicar a guerra \u00e0s crian\u00e7as e aos jovens?\u2026 como acolher e incluir quem chega?\u2026 Salvar a Paz torna-se um imperativo em tempos de Guerra, mas &hellip; <\/p>\n<p><a class=\"more-link btn\" href=\"https:\/\/fapodivel.pt\/?p=1927\">Continue reading<\/a><\/p>\n","protected":false},"author":592732,"featured_media":0,"comment_status":"closed","ping_status":"closed","sticky":false,"template":"","format":"standard","meta":{"footnotes":""},"categories":[16,17],"tags":[],"class_list":["post-1927","post","type-post","status-publish","format-standard","hentry","category-confap-fed","category-forma-educa","item-wrap"],"_links":{"self":[{"href":"https:\/\/fapodivel.pt\/index.php?rest_route=\/wp\/v2\/posts\/1927","targetHints":{"allow":["GET"]}}],"collection":[{"href":"https:\/\/fapodivel.pt\/index.php?rest_route=\/wp\/v2\/posts"}],"about":[{"href":"https:\/\/fapodivel.pt\/index.php?rest_route=\/wp\/v2\/types\/post"}],"author":[{"embeddable":true,"href":"https:\/\/fapodivel.pt\/index.php?rest_route=\/wp\/v2\/users\/592732"}],"replies":[{"embeddable":true,"href":"https:\/\/fapodivel.pt\/index.php?rest_route=%2Fwp%2Fv2%2Fcomments&post=1927"}],"version-history":[{"count":1,"href":"https:\/\/fapodivel.pt\/index.php?rest_route=\/wp\/v2\/posts\/1927\/revisions"}],"predecessor-version":[{"id":1929,"href":"https:\/\/fapodivel.pt\/index.php?rest_route=\/wp\/v2\/posts\/1927\/revisions\/1929"}],"wp:attachment":[{"href":"https:\/\/fapodivel.pt\/index.php?rest_route=%2Fwp%2Fv2%2Fmedia&parent=1927"}],"wp:term":[{"taxonomy":"category","embeddable":true,"href":"https:\/\/fapodivel.pt\/index.php?rest_route=%2Fwp%2Fv2%2Fcategories&post=1927"},{"taxonomy":"post_tag","embeddable":true,"href":"https:\/\/fapodivel.pt\/index.php?rest_route=%2Fwp%2Fv2%2Ftags&post=1927"}],"curies":[{"name":"wp","href":"https:\/\/api.w.org\/{rel}","templated":true}]}}