{"id":95,"date":"2015-04-19T18:50:36","date_gmt":"2015-04-19T18:50:36","guid":{"rendered":"http:\/\/fapodivel.pt\/?p=95"},"modified":"2022-02-05T18:45:08","modified_gmt":"2022-02-05T18:45:08","slug":"fapodivel-presente-na-amadora","status":"publish","type":"post","link":"https:\/\/fapodivel.pt\/?p=95","title":{"rendered":"FAPODIVEL presente na Amadora."},"content":{"rendered":"<p style=\"text-align: justify;\">FAPODIVEL presente na Amadora no debate &#8220;Delega\u00e7\u00e3o de Compet\u00eancias na Educa\u00e7\u00e3o: SIM OU N\u00c3O&#8221; promovido pela FAPCA &#8211; Federa\u00e7\u00e3o de Associa\u00e7\u00e3o de Pais da Amadora &#8211; Cristina Matias, Ant\u00f3nio Boa-Nova e Daniel Pereira<\/p>\n<p><a href=\"https:\/\/fapodivel.pt\/wp-content\/uploads\/2015\/04\/debate2.jpg\" target=\"_blank\" rel=\"noopener\"><img fetchpriority=\"high\" decoding=\"async\" class=\"alignnone wp-image-97 size-medium\" src=\"https:\/\/fapodivel.pt\/wp-content\/uploads\/2015\/04\/debate2-300x169.jpg\" alt=\"debate2\" width=\"300\" height=\"169\" srcset=\"https:\/\/fapodivel.pt\/wp-content\/uploads\/2015\/04\/debate2-300x169.jpg 300w, https:\/\/fapodivel.pt\/wp-content\/uploads\/2015\/04\/debate2-900x506.jpg 900w, https:\/\/fapodivel.pt\/wp-content\/uploads\/2015\/04\/debate2.jpg 960w\" sizes=\"(max-width: 300px) 100vw, 300px\" \/><\/a><a href=\"https:\/\/fapodivel.pt\/wp-content\/uploads\/2015\/04\/debate1.jpg\" target=\"_blank\" rel=\"noopener\"><img decoding=\"async\" class=\"alignnone wp-image-96 size-medium\" src=\"https:\/\/fapodivel.pt\/wp-content\/uploads\/2015\/04\/debate1-300x168.jpg\" alt=\"debate1\" width=\"300\" height=\"168\" srcset=\"https:\/\/fapodivel.pt\/wp-content\/uploads\/2015\/04\/debate1-300x168.jpg 300w, https:\/\/fapodivel.pt\/wp-content\/uploads\/2015\/04\/debate1.jpg 526w\" sizes=\"(max-width: 300px) 100vw, 300px\" \/><\/a><\/p>\n","protected":false},"excerpt":{"rendered":"<p>FAPODIVEL presente na Amadora no debate &#8220;Delega\u00e7\u00e3o de Compet\u00eancias na Educa\u00e7\u00e3o: SIM OU N\u00c3O&#8221; promovido pela FAPCA &#8211; Federa\u00e7\u00e3o de Associa\u00e7\u00e3o de Pais da Amadora &#8211; Cristina Matias, Ant\u00f3nio Boa-Nova e Daniel Pereira<\/p>\n","protected":false},"author":2,"featured_media":0,"comment_status":"closed","ping_status":"closed","sticky":false,"template":"","format":"standard","meta":{"footnotes":""},"categories":[14],"tags":[],"class_list":["post-95","post","type-post","status-publish","format-standard","hentry","category-noticias-info","item-wrap"],"_links":{"self":[{"href":"https:\/\/fapodivel.pt\/index.php?rest_route=\/wp\/v2\/posts\/95","targetHints":{"allow":["GET"]}}],"collection":[{"href":"https:\/\/fapodivel.pt\/index.php?rest_route=\/wp\/v2\/posts"}],"about":[{"href":"https:\/\/fapodivel.pt\/index.php?rest_route=\/wp\/v2\/types\/post"}],"author":[{"embeddable":true,"href":"https:\/\/fapodivel.pt\/index.php?rest_route=\/wp\/v2\/users\/2"}],"replies":[{"embeddable":true,"href":"https:\/\/fapodivel.pt\/index.php?rest_route=%2Fwp%2Fv2%2Fcomments&post=95"}],"version-history":[{"count":3,"href":"https:\/\/fapodivel.pt\/index.php?rest_route=\/wp\/v2\/posts\/95\/revisions"}],"predecessor-version":[{"id":657,"href":"https:\/\/fapodivel.pt\/index.php?rest_route=\/wp\/v2\/posts\/95\/revisions\/657"}],"wp:attachment":[{"href":"https:\/\/fapodivel.pt\/index.php?rest_route=%2Fwp%2Fv2%2Fmedia&parent=95"}],"wp:term":[{"taxonomy":"category","embeddable":true,"href":"https:\/\/fapodivel.pt\/index.php?rest_route=%2Fwp%2Fv2%2Fcategories&post=95"},{"taxonomy":"post_tag","embeddable":true,"href":"https:\/\/fapodivel.pt\/index.php?rest_route=%2Fwp%2Fv2%2Ftags&post=95"}],"curies":[{"name":"wp","href":"https:\/\/api.w.org\/{rel}","templated":true}]}}